{"id":2643,"date":"2024-09-04T15:28:00","date_gmt":"2024-09-04T15:28:00","guid":{"rendered":"https:\/\/vocational-fund.org\/?p=2643"},"modified":"2024-09-19T15:28:12","modified_gmt":"2024-09-19T15:28:12","slug":"155-expedicion-misionera-salesiana","status":"publish","type":"post","link":"https:\/\/vocational-fund.org\/?p=2643","title":{"rendered":"155\u00b0 Expedici\u00f3n Misionera Salesiana"},"content":{"rendered":"\n<p>Ellos son los nuevos misioneros salesianos en el mundo, quienes partir\u00e1n a finales de este mes como parte de la 155\u00aa Expedici\u00f3n Misionera Salesiana.<\/p>\n\n\n\n<p>Esta expedici\u00f3n est\u00e1 compuesta por 27 salesianos: 5 sacerdotes, 2 coadjutores, 1 di\u00e1cono y 19 estudiantes. De estos, 11 misioneros provienen de Asia (espec\u00edficamente 6 de la regi\u00f3n Asia Este-Ocean\u00eda y 5 de Asia Sur), 11 de \u00c1frica-Madagascar, 4 de Europa (Europa Centro-Norte) y uno de Am\u00e9rica <a><\/a>(regi\u00f3n Interam\u00e9rica).<\/p>\n\n\n\n<p>Les pedimos que \ud835\uddfc\ud835\uddff\ud835\uddf2\ud835\uddfa\ud835\uddfc\ud835\ude00 \ud835\uddfd\ud835\uddfc\ud835\uddff \ud835\uddf0\ud835\uddee\ud835\uddf1\ud835\uddee \ud835\ude02\ud835\uddfb\ud835\uddfc \ud835\uddf1\ud835\uddf2 \ud835\uddf2\ud835\uddf9\ud835\uddf9\ud835\uddfc\ud835\ude00, \ud835\ude00\ud835\ude02 \ud835\ude03\ud835\uddfc\ud835\uddf0\ud835\uddee\ud835\uddf0\ud835\uddf6\ud835\uddfc\u0301\ud835\uddfb \ud835\ude06 \ud835\uddf2\ud835\uddf9 \ud835\uddf9\ud835\ude02\ud835\uddf4\ud835\uddee\ud835\uddff \ud835\uddf1\ud835\uddfc\ud835\uddfb\ud835\uddf1\ud835\uddf2 \ud835\uddff\ud835\uddf2\ud835\uddee\ud835\uddf9\ud835\uddf6\ud835\ude07\ud835\uddee\ud835\uddff\ud835\uddee\u0301\ud835\uddfb \ud835\ude00\ud835\ude02 \ud835\uddf9\ud835\uddee\ud835\uddef\ud835\uddfc\ud835\uddff de servicio y entrega.<\/p>\n","protected":false},"excerpt":{"rendered":"<p>Ellos son los nuevos misioneros salesianos en el mundo, quienes partir\u00e1n a finales de este mes como parte de la 155\u00aa Expedici\u00f3n Misionera Salesiana. Esta expedici\u00f3n est\u00e1 compuesta por 27 [&hellip;]<\/p>\n","protected":false},"author":2,"featured_media":2644,"comment_status":"open","ping_status":"open","sticky":false,"template":"","format":"standard","meta":{"sfsi_plus_gutenberg_text_before_share":"","sfsi_plus_gutenberg_show_text_before_share":"","sfsi_plus_gutenberg_icon_type":"","sfsi_plus_gutenberg_icon_alignemt":"","sfsi_plus_gutenburg_max_per_row":"","footnotes":""},"categories":[127],"tags":[],"_links":{"self":[{"href":"https:\/\/vocational-fund.org\/index.php?rest_route=\/wp\/v2\/posts\/2643"}],"collection":[{"href":"https:\/\/vocational-fund.org\/index.php?rest_route=\/wp\/v2\/posts"}],"about":[{"href":"https:\/\/vocational-fund.org\/index.php?rest_route=\/wp\/v2\/types\/post"}],"author":[{"embeddable":true,"href":"https:\/\/vocational-fund.org\/index.php?rest_route=\/wp\/v2\/users\/2"}],"replies":[{"embeddable":true,"href":"https:\/\/vocational-fund.org\/index.php?rest_route=%2Fwp%2Fv2%2Fcomments&post=2643"}],"version-history":[{"count":1,"href":"https:\/\/vocational-fund.org\/index.php?rest_route=\/wp\/v2\/posts\/2643\/revisions"}],"predecessor-version":[{"id":2645,"href":"https:\/\/vocational-fund.org\/index.php?rest_route=\/wp\/v2\/posts\/2643\/revisions\/2645"}],"wp:featuredmedia":[{"embeddable":true,"href":"https:\/\/vocational-fund.org\/index.php?rest_route=\/wp\/v2\/media\/2644"}],"wp:attachment":[{"href":"https:\/\/vocational-fund.org\/index.php?rest_route=%2Fwp%2Fv2%2Fmedia&parent=2643"}],"wp:term":[{"taxonomy":"category","embeddable":true,"href":"https:\/\/vocational-fund.org\/index.php?rest_route=%2Fwp%2Fv2%2Fcategories&post=2643"},{"taxonomy":"post_tag","embeddable":true,"href":"https:\/\/vocational-fund.org\/index.php?rest_route=%2Fwp%2Fv2%2Ftags&post=2643"}],"curies":[{"name":"wp","href":"https:\/\/api.w.org\/{rel}","templated":true}]}}